{"id":1325,"date":"2026-03-01T17:30:56","date_gmt":"2026-03-01T16:30:56","guid":{"rendered":"https:\/\/wackerzeiger.de\/?p=1325"},"modified":"2026-03-02T12:07:44","modified_gmt":"2026-03-02T11:07:44","slug":"wohnhaus-in-der-schleiregion-ulsnis","status":"publish","type":"post","link":"https:\/\/wackerzeiger.de\/en\/wohnhaus-in-der-schleiregion-ulsnis\/","title":{"rendered":"Wohnhaus in der Schleiregion &#8211; Ulsnis"},"content":{"rendered":"\n<div style=\"height:24px\" aria-hidden=\"true\" class=\"wp-block-spacer\"><\/div>\n\n\n\n<p>In der Mor\u00e4nenlandschaft Angelns, am Rande des Dorfes Ulsnis, liegt das Haus am Strandweg. Von hier aus schaut man, \u00fcber ein Knickgeh\u00f6lz und ein Landschaftsschutzgebiet hinweg, auf den Ostseefjord Schlei.<\/p>\n\n\n\n<p>Das L-f\u00f6rmige Holzhaus ist so auf dem Grundst\u00fcck platziert, dass ein, auf die Schlei ausgerichteter Au\u00dfenraum entsteht. Zusammen mit dem stra\u00dfenseitigen Schuppen umfassen die Bauk\u00f6rper einen gesch\u00fctzten Innenhof.<\/p>\n\n\n\n<p>Ein zweigeschossiger Fl\u00fcgel nimmt in einem offenen Erdgeschoss-Grundriss Wohn- und Esszimmer mit K\u00fcche und im Obergeschoss Eltern- und G\u00e4stebereich auf. Beide Ebenen sind \u00fcber einen Luftraum miteinander verbunden.<\/p>\n\n\n\n<p>Ein eingeschossiger Fl\u00fcgel bildet die Jugendherberge. Hier sind vier R\u00e4ume, jeweils mit Schlafgalerie, an einem langen Flur aufgereiht.<\/p>\n\n\n\n<p>Mit einzelnen Satteld\u00e4chern separiert sich die Anlage in zwei ablesbare Bauteile. Im EG betritt man das Haus im Gelenkpunkt. Oben sind die Teile durch eine Dachterrasse unterbrochen.<\/p>\n\n\n\n<p>Haus und Au\u00dfenraum f\u00fcgen sich in die Topographie des Bauplatzes. Im Inneren liegt das Wohnzimmer einige Stufen tiefer als der Rest der Etage. Drau\u00dfen erhebt sich ein Terrassendeck mit Hochbeet \u00fcber eine vorgelagerte Spielwiese.<\/p>\n\n\n\n<p>Das Haus ist in Holzelementbauweise konzipiert und weitgehend vorgefertigt. Zusammenh\u00e4ngend ge\u00f6ffnete und geschlossene Wandteile geben den Fassaden ihre Spannung. Bodentiefe Fenster erweitern den Innenraum nach au\u00dfen. Eine vor Ort hergestellte, aus einzelnen Leisten bestehende Fassadenbekleidung, gibt der Au\u00dfenhaut ihre Tiefenwirkung.<\/p>\n\n\n\n<p>Im Inneren dominieren helle Holzfl\u00e4chen sowie wei\u00dfe und hellgraue Farbt\u00f6ne den Raumeindruck und erzeugen eine skandinavische Anmutung.<\/p>\n\n\n\n<div style=\"height:44px\" aria-hidden=\"true\" class=\"wp-block-spacer\"><\/div>\n\n\n<div>\n<div>\n<p><em>In die Konzeptfindung + Planung einbezogen:<\/em><br><em>Tragwerk: Cornelius Back, L\u00fcbeck<\/em><br><em>Generalunternehmer: Zimmerei Christian Sch\u00e4fer, Eckernf\u00f6rde<\/em><br><em>Fotos: Jakob B\u00f6rner<\/em><br><em>Bauzeit: 2023-2024<\/em><\/p>\n<\/div>\n<\/div>\n\n\n<div style=\"height:34px\" aria-hidden=\"true\" class=\"wp-block-spacer\"><\/div>\n","protected":false},"excerpt":{"rendered":"In der Mor\u00e4nenlandschaft Angelns, am Rande des Dorfes Ulsnis, liegt das Haus am Strandweg. Von hier aus schaut man, \u00fcber ein Knickgeh\u00f6lz und ein Landschaftsschutzgebiet hinweg, auf den Ostseefjord Schlei. Das L-f\u00f6rmige Holzhaus ist so auf dem Grundst\u00fcck platziert, dass ein, auf die Schlei ausgerichteter Au\u00dfenraum entsteht. Zusammen mit dem stra\u00dfenseitigen Schuppen umfassen die Bauk\u00f6rper&#8230; <a class=\"view-article\" href=\"https:\/\/wackerzeiger.de\/en\/wohnhaus-in-der-schleiregion-ulsnis\/\">View Article<\/a>","protected":false},"author":2,"featured_media":1326,"comment_status":"open","ping_status":"open","sticky":true,"template":"","format":"standard","meta":[],"categories":[3,9,4],"tags":[],"translation":{"provider":"WPGlobus","version":"2.12.2","language":"en","enabled_languages":["de","en"],"languages":{"de":{"title":true,"content":true,"excerpt":false},"en":{"title":false,"content":false,"excerpt":false}}},"acf":[],"wps_subtitle":"ULSNIS, 2021-24 ","_links":{"self":[{"href":"https:\/\/wackerzeiger.de\/en\/wp-json\/wp\/v2\/posts\/1325"}],"collection":[{"href":"https:\/\/wackerzeiger.de\/en\/wp-json\/wp\/v2\/posts"}],"about":[{"href":"https:\/\/wackerzeiger.de\/en\/wp-json\/wp\/v2\/types\/post"}],"author":[{"embeddable":true,"href":"https:\/\/wackerzeiger.de\/en\/wp-json\/wp\/v2\/users\/2"}],"replies":[{"embeddable":true,"href":"https:\/\/wackerzeiger.de\/en\/wp-json\/wp\/v2\/comments?post=1325"}],"version-history":[{"count":10,"href":"https:\/\/wackerzeiger.de\/en\/wp-json\/wp\/v2\/posts\/1325\/revisions"}],"predecessor-version":[{"id":1368,"href":"https:\/\/wackerzeiger.de\/en\/wp-json\/wp\/v2\/posts\/1325\/revisions\/1368"}],"wp:featuredmedia":[{"embeddable":true,"href":"https:\/\/wackerzeiger.de\/en\/wp-json\/wp\/v2\/media\/1326"}],"wp:attachment":[{"href":"https:\/\/wackerzeiger.de\/en\/wp-json\/wp\/v2\/media?parent=1325"}],"wp:term":[{"taxonomy":"category","embeddable":true,"href":"https:\/\/wackerzeiger.de\/en\/wp-json\/wp\/v2\/categories?post=1325"},{"taxonomy":"post_tag","embeddable":true,"href":"https:\/\/wackerzeiger.de\/en\/wp-json\/wp\/v2\/tags?post=1325"}],"curies":[{"name":"wp","href":"https:\/\/api.w.org\/{rel}","templated":true}]}}