{"id":1208,"date":"2022-01-21T18:04:39","date_gmt":"2022-01-21T17:04:39","guid":{"rendered":"https:\/\/wackerzeiger.de\/?p=1208"},"modified":"2024-04-30T15:14:30","modified_gmt":"2024-04-30T13:14:30","slug":"kita-friedrich-frank-bogen","status":"publish","type":"post","link":"https:\/\/wackerzeiger.de\/en\/kita-friedrich-frank-bogen\/","title":{"rendered":"Kita Friedrich-Frank-Bogen"},"content":{"rendered":"<div class=\"\"><span class=\"\">Die Kita Friedrich-Frank-Bogen in Bergedorf befindet sich in einem sozial <\/span><span class=\"\">schwachen Umfeld. 2015 wurde der Entschluss gefasst, die bestehende <\/span><span class=\"\">und fl\u00e4chengreifende Kita f\u00fcr ca. 200 Kinder abzubrechen und neu zu <\/span><span class=\"\">organisieren. Der Neubau wurde im laufenden Kitabetrieb in zwei Bauabschnitten duchgef\u00fchrt. Das Haus ist in Holzrahmenbauweise errichtet, energetisch optimiert und spiegelt u.a. mit der roh-belassenen Holzfassade den \u00f6kologischen Ansatz nach au\u00dfen wieder. Die Au\u00dfenraumgestaltung ist in G\u00e4nze \u00fcberplant worden.<\/span><\/div>\n<div class=\"\">\u00a0<\/div>\n<div class=\"\">\n<div class=\"page\" title=\"Page 1\">\n<div class=\"section\">\n<div class=\"layoutArea\">\n<div class=\"column\">\n<div class=\"\">\n<div class=\"\"><span class=\"\">Statik: Cornelius Back<\/span><\/div>\n<div>\u00a0<\/div>\n<div class=\"\"><span class=\"\">Landschaft: brehm sch\u00e4fer sleegers<\/span><\/div>\n<div>\u00a0<\/div>\n<div class=\"\"><span class=\"\">TGA: Kempka P\u00f6hls Ing.<\/span><\/div>\n<div>\u00a0<\/div>\n<div class=\"\"><span class=\"\">Nutzfl\u00e4che: 1.486\u00a0<\/span>m\u00b2<\/div>\n<div>\u00a0<\/div>\n<div class=\"\"><span class=\"\">Bauzeit: 2018-2020<\/span><\/div>\n<div>\u00a0<\/div>\n<div class=\"\"><span class=\"\">Fotos: Jakob B\u00f6rner<\/span><\/div>\n<\/div>\n<\/div>\n<\/div>\n<\/div>\n<\/div>\n<\/div>\n<div class=\"\">\u00a0<\/div>\n\n\n<p><\/p>\n","protected":false},"excerpt":{"rendered":"Die Kita Friedrich-Frank-Bogen in Bergedorf befindet sich in einem sozial schwachen Umfeld. 2015 wurde der Entschluss gefasst, die bestehende und fl\u00e4chengreifende Kita f\u00fcr ca. 200 Kinder abzubrechen und neu zu organisieren. Der Neubau wurde im laufenden Kitabetrieb in zwei Bauabschnitten duchgef\u00fchrt. Das Haus ist in Holzrahmenbauweise errichtet, energetisch optimiert und spiegelt u.a. mit der roh-belassenen&#8230; <a class=\"view-article\" href=\"https:\/\/wackerzeiger.de\/en\/kita-friedrich-frank-bogen\/\">View Article<\/a>","protected":false},"author":2,"featured_media":1212,"comment_status":"open","ping_status":"open","sticky":false,"template":"","format":"standard","meta":[],"categories":[3,5],"tags":[],"translation":{"provider":"WPGlobus","version":"2.12.2","language":"en","enabled_languages":["de","en"],"languages":{"de":{"title":true,"content":true,"excerpt":false},"en":{"title":false,"content":false,"excerpt":false}}},"acf":[],"wps_subtitle":"HAMBURG BERGEDORF 2018-2020","_links":{"self":[{"href":"https:\/\/wackerzeiger.de\/en\/wp-json\/wp\/v2\/posts\/1208"}],"collection":[{"href":"https:\/\/wackerzeiger.de\/en\/wp-json\/wp\/v2\/posts"}],"about":[{"href":"https:\/\/wackerzeiger.de\/en\/wp-json\/wp\/v2\/types\/post"}],"author":[{"embeddable":true,"href":"https:\/\/wackerzeiger.de\/en\/wp-json\/wp\/v2\/users\/2"}],"replies":[{"embeddable":true,"href":"https:\/\/wackerzeiger.de\/en\/wp-json\/wp\/v2\/comments?post=1208"}],"version-history":[{"count":3,"href":"https:\/\/wackerzeiger.de\/en\/wp-json\/wp\/v2\/posts\/1208\/revisions"}],"predecessor-version":[{"id":1218,"href":"https:\/\/wackerzeiger.de\/en\/wp-json\/wp\/v2\/posts\/1208\/revisions\/1218"}],"wp:featuredmedia":[{"embeddable":true,"href":"https:\/\/wackerzeiger.de\/en\/wp-json\/wp\/v2\/media\/1212"}],"wp:attachment":[{"href":"https:\/\/wackerzeiger.de\/en\/wp-json\/wp\/v2\/media?parent=1208"}],"wp:term":[{"taxonomy":"category","embeddable":true,"href":"https:\/\/wackerzeiger.de\/en\/wp-json\/wp\/v2\/categories?post=1208"},{"taxonomy":"post_tag","embeddable":true,"href":"https:\/\/wackerzeiger.de\/en\/wp-json\/wp\/v2\/tags?post=1208"}],"curies":[{"name":"wp","href":"https:\/\/api.w.org\/{rel}","templated":true}]}}